{"id":1027,"date":"2018-12-17T22:20:21","date_gmt":"2018-12-17T20:20:21","guid":{"rendered":"http:\/\/www.tuulensuu.net\/wp\/?p=1027"},"modified":"2020-04-01T23:48:25","modified_gmt":"2020-04-01T20:48:25","slug":"mennyt-kesa-2018-muistoissa","status":"publish","type":"post","link":"https:\/\/www.tuulensuu.net\/wp\/2018\/12\/17\/mennyt-kesa-2018-muistoissa\/","title":{"rendered":"Mennyt kes\u00e4 ja tuleva"},"content":{"rendered":"\n<p>Syksy k\u00e4\u00e4ntyy hyv\u00e4\u00e4 vauhtia taas talveksi. Joulua odotellessa on hyv\u00e4 hetki muistella viel\u00e4 viime  kes\u00e4\u00e4 Tuulensuussa ja mietti\u00e4 jo tuleviakin.<\/p>\n\n\n\n<p>Tuulensuun Taides\u00e4\u00e4ti\u00f6 aloitti toukokuussa 2017 kolmivuotisen EU-hankkeen, jonka turvin on pikkuhiljaa kunnostettu Tuulensuun veistospuistoa. Ymp\u00e4rist\u00f6\u00e4 on raivattu, polut pohjustettu, uusia opasteita teetetty ja saatu painosta uusi veistospuiston esite. Laavu, puucee ja laiturin uusiminen j\u00e4i viime kes\u00e4n\u00e4 viel\u00e4 vaiheeseen, mutta valmista pit\u00e4isi olla kes\u00e4n 2019 alussa.<\/p>\n\n\n\n<p>Kes\u00e4kuussa ateljeetalossa j\u00e4rjestetty 5-p\u00e4iv\u00e4inen lasten taidetapahtuma saa jatkoa my\u00f6s ensi kes\u00e4n\u00e4. Toistakymment\u00e4 lasta p\u00e4\u00e4see tutustumaan veistotaiteeseen ja Tuulensuun veistoksiin opettaja, yhteis\u00f6taiteilija ja kuvanveist\u00e4j\u00e4 Jaana Bombinin johdolla. T\u00e4m\u00e4ntapaisella toiminnalla on Viitasaarella selv\u00e4tikin kysynt\u00e4\u00e4. Lasten taidekasvatus on kannatettava juttu.<\/p>\n\n\n\n<p>Veistospuistossa j\u00e4rjestettiin viime kes\u00e4n\u00e4 nelj\u00e4 yleis\u00f6kierrosta. K\u00e4vij\u00f6it\u00e4 riitti, mutta enemm\u00e4nkin olisi mukaan mahtunut. Ensi kes\u00e4n\u00e4 kierrokset uusitaan.&nbsp;<\/p>\n\n\n\n<p>Hein\u00e4kuun alussa toteutui Tuulensuun Taides\u00e4\u00e4ti\u00f6n monivuotinen haave, kun arkkitehti, professori emeritus, \"talotohtori\" Panu Kaila saapui Arvon p\u00e4iville kertomaan suomalaisesta hirsirakentamisesta. V\u00e4ke\u00e4 oli paikalla niin paljon, ett\u00e4 osalle oli jaossa vain seisomapaikkoja. Perinteisist\u00e4 tervetuliaiskahveista vastasi Asta Rossi ja vire\u00e4sti toimiva Pasalan ja Viitakankaan kyl\u00e4yhdistys. <\/p>\n\n\n\n<p>Viime kes\u00e4n saldoon on viel\u00e4 lis\u00e4tt\u00e4v\u00e4 Tuulensuun savusaunan uusi kiuas. Ensin piti tosin  opetella savusaunan l\u00e4mmitt\u00e4misen salat. Hyv\u00e4t olivat l\u00f6ylyt - niin lempe\u00e4t ja viipyilev\u00e4t. \u00a0\u00a0<\/p>\n","protected":false},"excerpt":{"rendered":"<p>Syksy k\u00e4\u00e4ntyy hyv\u00e4\u00e4 vauhtia taas talveksi. Joulua odotellessa on hyv\u00e4 hetki muistella viel\u00e4 viime kes\u00e4\u00e4 Tuulensuussa ja mietti\u00e4 jo tuleviakin. Tuulensuun Taides\u00e4\u00e4ti\u00f6 aloitti toukokuussa 2017 kolmivuotisen EU-hankkeen, jonka turvin on pikkuhiljaa kunnostettu Tuulensuun veistospuistoa. Ymp\u00e4rist\u00f6\u00e4 on raivattu, polut pohjustettu, uusia opasteita teetetty ja saatu painosta uusi veistospuiston esite. Laavu, puucee ja laiturin uusiminen j\u00e4i viime <a href=\"https:\/\/www.tuulensuu.net\/wp\/2018\/12\/17\/mennyt-kesa-2018-muistoissa\/\" class=\"more-link\">...jatka lukemista<span class=\"screen-reader-text\"> \"Mennyt kes\u00e4 ja tuleva\"<\/span><\/a><\/p>\n","protected":false},"author":2,"featured_media":0,"comment_status":"open","ping_status":"open","sticky":false,"template":"","format":"standard","meta":{"_jetpack_memberships_contains_paid_content":false,"footnotes":""},"categories":[1],"tags":[],"class_list":{"0":"post-1027","1":"post","2":"type-post","3":"status-publish","4":"format-standard","6":"category-yleinen","7":"h-entry","8":"hentry","9":"h-as-article"},"jetpack_featured_media_url":"","jetpack_sharing_enabled":true,"_links":{"self":[{"href":"https:\/\/www.tuulensuu.net\/wp\/wp-json\/wp\/v2\/posts\/1027","targetHints":{"allow":["GET"]}}],"collection":[{"href":"https:\/\/www.tuulensuu.net\/wp\/wp-json\/wp\/v2\/posts"}],"about":[{"href":"https:\/\/www.tuulensuu.net\/wp\/wp-json\/wp\/v2\/types\/post"}],"author":[{"embeddable":true,"href":"https:\/\/www.tuulensuu.net\/wp\/wp-json\/wp\/v2\/users\/2"}],"replies":[{"embeddable":true,"href":"https:\/\/www.tuulensuu.net\/wp\/wp-json\/wp\/v2\/comments?post=1027"}],"version-history":[{"count":6,"href":"https:\/\/www.tuulensuu.net\/wp\/wp-json\/wp\/v2\/posts\/1027\/revisions"}],"predecessor-version":[{"id":1141,"href":"https:\/\/www.tuulensuu.net\/wp\/wp-json\/wp\/v2\/posts\/1027\/revisions\/1141"}],"wp:attachment":[{"href":"https:\/\/www.tuulensuu.net\/wp\/wp-json\/wp\/v2\/media?parent=1027"}],"wp:term":[{"taxonomy":"category","embeddable":true,"href":"https:\/\/www.tuulensuu.net\/wp\/wp-json\/wp\/v2\/categories?post=1027"},{"taxonomy":"post_tag","embeddable":true,"href":"https:\/\/www.tuulensuu.net\/wp\/wp-json\/wp\/v2\/tags?post=1027"}],"curies":[{"name":"wp","href":"https:\/\/api.w.org\/{rel}","templated":true}]}}